{"id":984,"date":"2022-10-01T10:07:31","date_gmt":"2022-10-01T08:07:31","guid":{"rendered":"http:\/\/wise3.sk\/?p=984"},"modified":"2023-06-28T09:51:10","modified_gmt":"2023-06-28T07:51:10","slug":"iv-rocnik-epi-konferencie-kyberneticka-bezpecnost","status":"publish","type":"post","link":"https:\/\/wise3.sk\/en\/ikt-kyberneticka-bezpecnost\/iv-rocnik-epi-konferencie-kyberneticka-bezpecnost\/","title":{"rendered":"IV. ro\u010dn\u00edk EPI konferencie Kybernetick\u00e1 bezpe\u010dnos\u0165"},"content":{"rendered":"<!--themify_builder_content-->\n<div id=\"themify_builder_content-984\" data-postid=\"984\" class=\"themify_builder_content themify_builder_content-984 themify_builder tf_clear\">\n                    <div  data-lazy=\"1\" class=\"module_row themify_builder_row tb_y0cb384 tb_first tf_w\">\n                        <div class=\"row_inner col_align_top tb_col_count_1 tf_box tf_rel\">\n                        <div  data-lazy=\"1\" class=\"module_column tb-column col-full tb_yobc384 first\">\n                    <!-- module text -->\n<div  class=\"module module-text tb_tcgi198\" data-lazy=\"1\">\n        <div  class=\"tb_text_wrap\">\n        <p style=\"text-align: left;\"><span style=\"font-weight: 400;\">3. a 4. okt\u00f3bra 2022 sa v Dem\u00e4novskej doline konal <\/span><a href=\"https:\/\/konferencie.profivzdelavanie.sk\/2022\/kyberneticka-bezpecnost\/\"><span style=\"font-weight: 400;\">IV. ro\u010dn\u00edk EPI konferencie Kybernetick\u00e1 bezpe\u010dnos\u0165<\/span><\/a><span style=\"font-weight: 400;\">. Konferencia Kybernetick\u00e1 bezpe\u010dnos\u0165 2022 bola otv\u00e1rac\u00edm podujat\u00edm Eur\u00f3pskeho mesiaca kybernetickej bezpe\u010dnosti. Na EPI konferenciu sa podarilo pritiahnu\u0165 31 odborn\u00edkov z praxe a vysok\u00fdch \u0161k\u00f4l, ktor\u00ed sa venovali rozsiahlej \u0161k\u00e1le zauj\u00edmav\u00fdch t\u00e9m. S\u00fa\u010das\u0165ou na\u0161ej pr\u00e1ce je nielen zvy\u0161ovanie na\u0161ich znalost\u00ed a sk\u00fasenost\u00ed, ale aj ich zdie\u013eanie formou eventov a konferenci\u00ed. Sme radi, \u017ee<\/span><a href=\"https:\/\/www.linkedin.com\/in\/ACoAAAJT8A0BOepbdKRvxR5DLBhXAIjZSl0ZsDY\"><span style=\"font-weight: 400;\"> n\u00e1\u0161 kolega <\/span><span style=\"font-weight: 400;\">Michal Ramp\u00e1\u0161ek<\/span><\/a><span style=\"font-weight: 400;\"> bol s\u00fa\u010das\u0165ou odbornej komunity prezentuj\u00facej na konferenci\u00ed a ku spolo\u010dn\u00e9mu programu mohol prispie\u0165 predn\u00e1\u0161kou ,, <\/span><b>Poh\u013ead pr\u00e1vnika na princ\u00edp zodpovedn\u00e9ho zverej\u0148ovania zranite\u013enost\u00ed,,<\/b><\/p>\n<p><span style=\"font-weight: 400;\">Stru\u010dn\u00fd preh\u013ead z konferencie si m\u00f4\u017eete pozrie\u0165 v report\u00e1\u017ei:<\/span><br><iframe loading=\"lazy\" title=\"YouTube video player\" src=\"https:\/\/www.youtube.com\/embed\/v7nEf75_K08\" width=\"560\" height=\"315\" frameborder=\"0\" allowfullscreen=\"allowfullscreen\"><\/iframe><\/p>    <\/div>\n<\/div>\n<!-- \/module text -->        <\/div>\n                        <\/div>\n        <\/div>\n        <\/div>\n<!--\/themify_builder_content-->","protected":false},"excerpt":{"rendered":"<p>3. a 4. okt\u00f3bra 2022 sa v Dem\u00e4novskej doline konal IV. ro\u010dn\u00edk EPI konferencie Kybernetick\u00e1 bezpe\u010dnos\u0165. Konferencia Kybernetick\u00e1 bezpe\u010dnos\u0165 2022 bola otv\u00e1rac\u00edm podujat\u00edm Eur\u00f3pskeho mesiaca kybernetickej bezpe\u010dnosti. Na EPI konferenciu sa podarilo pritiahnu\u0165 31 odborn\u00edkov z praxe a vysok\u00fdch \u0161k\u00f4l, ktor\u00ed sa venovali rozsiahlej \u0161k\u00e1le zauj\u00edmav\u00fdch t\u00e9m. S\u00fa\u010das\u0165ou na\u0161ej pr\u00e1ce je nielen zvy\u0161ovanie na\u0161ich znalost\u00ed [&hellip;]<\/p>\n","protected":false},"author":4,"featured_media":1102,"comment_status":"closed","ping_status":"closed","sticky":false,"template":"","format":"standard","meta":{"_seopress_robots_primary_cat":"none","_seopress_titles_title":"IV. ro\u010dn\u00edk EPI konferencie Kybernetick\u00e1 bezpe\u010dnos\u0165 | wise3.sk","_seopress_titles_desc":"3. a 4. okt\u00f3bra 2022 sa v Dem\u00e4novskej doline konal IV. ro\u010dn\u00edk EPI konferencie Kybernetick\u00e1 bezpe\u010dnos\u0165. N\u00e1\u0161 kolega Michal Ramp\u00e1\u0161ek bol s\u00fa\u010das\u0165ou odbornej komunity prezentuj\u00facej na konferenci\u00ed.","_seopress_robots_index":"","footnotes":""},"categories":[17],"tags":[],"class_list":["post-984","post","type-post","status-publish","format-standard","has-post-thumbnail","hentry","category-ikt-kyberneticka-bezpecnost","has-post-title","has-post-date","has-post-category","has-post-tag","has-post-comment","has-post-author",""],"builder_content":"<p style=\"text-align: left;\">3. a 4. okt\u00f3bra 2022 sa v Dem\u00e4novskej doline konal <a href=\"https:\/\/konferencie.profivzdelavanie.sk\/2022\/kyberneticka-bezpecnost\/\">IV. ro\u010dn\u00edk EPI konferencie Kybernetick\u00e1 bezpe\u010dnos\u0165<\/a>. Konferencia Kybernetick\u00e1 bezpe\u010dnos\u0165 2022 bola otv\u00e1rac\u00edm podujat\u00edm Eur\u00f3pskeho mesiaca kybernetickej bezpe\u010dnosti. Na EPI konferenciu sa podarilo pritiahnu\u0165 31 odborn\u00edkov z praxe a vysok\u00fdch \u0161k\u00f4l, ktor\u00ed sa venovali rozsiahlej \u0161k\u00e1le zauj\u00edmav\u00fdch t\u00e9m. S\u00fa\u010das\u0165ou na\u0161ej pr\u00e1ce je nielen zvy\u0161ovanie na\u0161ich znalost\u00ed a sk\u00fasenost\u00ed, ale aj ich zdie\u013eanie formou eventov a konferenci\u00ed. Sme radi, \u017ee<a href=\"https:\/\/www.linkedin.com\/in\/ACoAAAJT8A0BOepbdKRvxR5DLBhXAIjZSl0ZsDY\"> n\u00e1\u0161 kolega Michal Ramp\u00e1\u0161ek<\/a> bol s\u00fa\u010das\u0165ou odbornej komunity prezentuj\u00facej na konferenci\u00ed a ku spolo\u010dn\u00e9mu programu mohol prispie\u0165 predn\u00e1\u0161kou ,, <b>Poh\u013ead pr\u00e1vnika na princ\u00edp zodpovedn\u00e9ho zverej\u0148ovania zranite\u013enost\u00ed,,<\/b><\/p> <p>Stru\u010dn\u00fd preh\u013ead z konferencie si m\u00f4\u017eete pozrie\u0165 v report\u00e1\u017ei:<br><iframe loading=\"lazy\" title=\"YouTube video player\" src=\"https:\/\/www.youtube.com\/embed\/v7nEf75_K08\" width=\"560\" height=\"315\" frameborder=\"0\" allowfullscreen=\"allowfullscreen\"><\/iframe><\/p>","_links":{"self":[{"href":"https:\/\/wise3.sk\/en\/wp-json\/wp\/v2\/posts\/984","targetHints":{"allow":["GET"]}}],"collection":[{"href":"https:\/\/wise3.sk\/en\/wp-json\/wp\/v2\/posts"}],"about":[{"href":"https:\/\/wise3.sk\/en\/wp-json\/wp\/v2\/types\/post"}],"author":[{"embeddable":true,"href":"https:\/\/wise3.sk\/en\/wp-json\/wp\/v2\/users\/4"}],"replies":[{"embeddable":true,"href":"https:\/\/wise3.sk\/en\/wp-json\/wp\/v2\/comments?post=984"}],"version-history":[{"count":6,"href":"https:\/\/wise3.sk\/en\/wp-json\/wp\/v2\/posts\/984\/revisions"}],"predecessor-version":[{"id":2919,"href":"https:\/\/wise3.sk\/en\/wp-json\/wp\/v2\/posts\/984\/revisions\/2919"}],"wp:featuredmedia":[{"embeddable":true,"href":"https:\/\/wise3.sk\/en\/wp-json\/wp\/v2\/media\/1102"}],"wp:attachment":[{"href":"https:\/\/wise3.sk\/en\/wp-json\/wp\/v2\/media?parent=984"}],"wp:term":[{"taxonomy":"category","embeddable":true,"href":"https:\/\/wise3.sk\/en\/wp-json\/wp\/v2\/categories?post=984"},{"taxonomy":"post_tag","embeddable":true,"href":"https:\/\/wise3.sk\/en\/wp-json\/wp\/v2\/tags?post=984"}],"curies":[{"name":"wp","href":"https:\/\/api.w.org\/{rel}","templated":true}]}}