{"id":975,"date":"2017-05-24T09:54:16","date_gmt":"2017-05-24T07:54:16","guid":{"rendered":"http:\/\/wise3.sk\/?p=975"},"modified":"2023-06-06T12:26:10","modified_gmt":"2023-06-06T10:26:10","slug":"jarna-itapa-2017","status":"publish","type":"post","link":"https:\/\/wise3.sk\/en\/ikt-kyberneticka-bezpecnost\/jarna-itapa-2017\/","title":{"rendered":"Jarn\u00e1 ITAPA 2017"},"content":{"rendered":"<!--themify_builder_content-->\n<div id=\"themify_builder_content-975\" data-postid=\"975\" class=\"themify_builder_content themify_builder_content-975 themify_builder tf_clear\">\n                    <div  data-lazy=\"1\" class=\"module_row themify_builder_row tb_30al217 tb_first tf_w\">\n                        <div class=\"row_inner col_align_top tb_col_count_1 tf_box tf_rel\">\n                        <div  data-lazy=\"1\" class=\"module_column tb-column col-full tb_xlyq218 first\">\n                    <!-- module text -->\n<div  class=\"module module-text tb_egpi921\" data-lazy=\"1\">\n        <div  class=\"tb_text_wrap\">\n        <p>23. m\u00e1ja 2017 sa v Bratislave uskuto\u010dnila konferencia Jarn\u00e1 ITAPA 2017. Podstatn\u00e1 \u010das\u0165 programu bola venovan\u00e1 konceptu inteligentn\u00fdch miest. Konferencia sa okrem t\u00e9m s\u00favisiacich s e-Governmentom venovala sk\u00fasenostiam zo zahrani\u010dia, glob\u00e1lnym trendom, mo\u017enostiam financovania budovania inteligentn\u00fdch miest, ale aj tomu, kam smerujeme v digitaliz\u00e1ci\u00ed na\u0161ej krajiny. N\u00e1\u0161 kolega <a href=\"http:\/\/wise3.sk\/en\/michal-rampasek\/\">Michal Ramp\u00e1\u0161ek<\/a> prispel v t\u00e9me ,, Ako obstar\u00e1va\u0165 inov\u00e1cie,, predn\u00e1\u0161kou <strong>Autorsk\u00e9 pr\u00e1va pri obstar\u00e1van\u00ed SW diela<\/strong> z poh\u013eadu autorsk\u00e9ho z\u00e1kona, resp. pr\u00e1v du\u0161evn\u00e9ho vlastn\u00edctva.<\/p>\n<p>Vypo\u010dujte si predn\u00e1\u0161ku: Michal Ramp\u00e1\u0161ek &#8211; Autorsk\u00e9 pr\u00e1va pri obstar\u00e1van\u00ed SW diela<\/p>\n<p><iframe loading=\"lazy\" title=\"YouTube video player\" src=\"https:\/\/www.youtube.com\/embed\/hPDpdYIFUGw\" width=\"560\" height=\"315\" frameborder=\"0\" allowfullscreen=\"allowfullscreen\"><\/iframe><\/p>\n<p>Viac o predn\u00e1\u0161ke a prezent\u00e1cie na stiahnutie:<\/p>\n<p><a href=\"https:\/\/www.itapa.sk\/6866-sk\/autorske-prava-pri-obstaravani-sw-diela\/\"> https:\/\/www.itapa.sk\/6866-sk\/autorske-prava-pri-obstaravani-sw-diela\/<\/a><\/p>    <\/div>\n<\/div>\n<!-- \/module text -->        <\/div>\n                        <\/div>\n        <\/div>\n        <\/div>\n<!--\/themify_builder_content-->","protected":false},"excerpt":{"rendered":"<p>23. m\u00e1ja 2017 sa v Bratislave uskuto\u010dnila konferencia Jarn\u00e1 ITAPA 2017. Podstatn\u00e1 \u010das\u0165 programu bola venovan\u00e1 konceptu inteligentn\u00fdch miest. Konferencia sa okrem t\u00e9m s\u00favisiacich s e-Governmentom venovala sk\u00fasenostiam zo zahrani\u010dia, glob\u00e1lnym trendom, mo\u017enostiam financovania budovania inteligentn\u00fdch miest, ale aj tomu, kam smerujeme v digitaliz\u00e1ci\u00ed na\u0161ej krajiny. N\u00e1\u0161 kolega Michal Ramp\u00e1\u0161ek prispel v t\u00e9me ,, Ako [&hellip;]<\/p>\n","protected":false},"author":4,"featured_media":1017,"comment_status":"closed","ping_status":"closed","sticky":false,"template":"","format":"standard","meta":{"_seopress_robots_primary_cat":"none","_seopress_titles_title":"","_seopress_titles_desc":"","_seopress_robots_index":"","footnotes":""},"categories":[17],"tags":[],"class_list":["post-975","post","type-post","status-publish","format-standard","has-post-thumbnail","hentry","category-ikt-kyberneticka-bezpecnost","has-post-title","has-post-date","has-post-category","has-post-tag","has-post-comment","has-post-author",""],"builder_content":"<p>23. m\u00e1ja 2017 sa v Bratislave uskuto\u010dnila konferencia Jarn\u00e1 ITAPA 2017. Podstatn\u00e1 \u010das\u0165 programu bola venovan\u00e1 konceptu inteligentn\u00fdch miest. Konferencia sa okrem t\u00e9m s\u00favisiacich s e-Governmentom venovala sk\u00fasenostiam zo zahrani\u010dia, glob\u00e1lnym trendom, mo\u017enostiam financovania budovania inteligentn\u00fdch miest, ale aj tomu, kam smerujeme v digitaliz\u00e1ci\u00ed na\u0161ej krajiny. N\u00e1\u0161 kolega <a href=\"http:\/\/wise3.sk\/michal-rampasek\/\">Michal Ramp\u00e1\u0161ek<\/a> prispel v t\u00e9me ,, Ako obstar\u00e1va\u0165 inov\u00e1cie,, predn\u00e1\u0161kou <strong>Autorsk\u00e9 pr\u00e1va pri obstar\u00e1van\u00ed SW diela<\/strong> z poh\u013eadu autorsk\u00e9ho z\u00e1kona, resp. pr\u00e1v du\u0161evn\u00e9ho vlastn\u00edctva.<\/p> <p>Vypo\u010dujte si predn\u00e1\u0161ku: Michal Ramp\u00e1\u0161ek - Autorsk\u00e9 pr\u00e1va pri obstar\u00e1van\u00ed SW diela<\/p> <p><iframe loading=\"lazy\" title=\"YouTube video player\" src=\"https:\/\/www.youtube.com\/embed\/hPDpdYIFUGw\" width=\"560\" height=\"315\" frameborder=\"0\" allowfullscreen=\"allowfullscreen\"><\/iframe><\/p> <p>Viac o predn\u00e1\u0161ke a prezent\u00e1cie na stiahnutie:<\/p> <p><a href=\"https:\/\/www.itapa.sk\/6866-sk\/autorske-prava-pri-obstaravani-sw-diela\/\"> https:\/\/www.itapa.sk\/6866-sk\/autorske-prava-pri-obstaravani-sw-diela\/<\/a><\/p>","_links":{"self":[{"href":"https:\/\/wise3.sk\/en\/wp-json\/wp\/v2\/posts\/975","targetHints":{"allow":["GET"]}}],"collection":[{"href":"https:\/\/wise3.sk\/en\/wp-json\/wp\/v2\/posts"}],"about":[{"href":"https:\/\/wise3.sk\/en\/wp-json\/wp\/v2\/types\/post"}],"author":[{"embeddable":true,"href":"https:\/\/wise3.sk\/en\/wp-json\/wp\/v2\/users\/4"}],"replies":[{"embeddable":true,"href":"https:\/\/wise3.sk\/en\/wp-json\/wp\/v2\/comments?post=975"}],"version-history":[{"count":9,"href":"https:\/\/wise3.sk\/en\/wp-json\/wp\/v2\/posts\/975\/revisions"}],"predecessor-version":[{"id":2732,"href":"https:\/\/wise3.sk\/en\/wp-json\/wp\/v2\/posts\/975\/revisions\/2732"}],"wp:featuredmedia":[{"embeddable":true,"href":"https:\/\/wise3.sk\/en\/wp-json\/wp\/v2\/media\/1017"}],"wp:attachment":[{"href":"https:\/\/wise3.sk\/en\/wp-json\/wp\/v2\/media?parent=975"}],"wp:term":[{"taxonomy":"category","embeddable":true,"href":"https:\/\/wise3.sk\/en\/wp-json\/wp\/v2\/categories?post=975"},{"taxonomy":"post_tag","embeddable":true,"href":"https:\/\/wise3.sk\/en\/wp-json\/wp\/v2\/tags?post=975"}],"curies":[{"name":"wp","href":"https:\/\/api.w.org\/{rel}","templated":true}]}}