{"id":3172,"date":"2024-03-06T09:30:18","date_gmt":"2024-03-06T08:30:18","guid":{"rendered":"http:\/\/wise3.sk\/?p=3172"},"modified":"2024-03-27T09:49:56","modified_gmt":"2024-03-27T08:49:56","slug":"z-nasich-koncipientov-su-advokati","status":"publish","type":"post","link":"https:\/\/wise3.sk\/en\/advokati-na-vasej-strane\/z-nasich-koncipientov-su-advokati\/","title":{"rendered":"Z\u00a0na\u0161ich koncipientov s\u00fa advok\u00e1ti"},"content":{"rendered":"<!--themify_builder_content-->\n<div id=\"themify_builder_content-3172\" data-postid=\"3172\" class=\"themify_builder_content themify_builder_content-3172 themify_builder tf_clear\">\n                    <div  data-lazy=\"1\" class=\"module_row themify_builder_row tb_z9jm293 tb_first tf_w\">\n                        <div class=\"row_inner col_align_top tb_col_count_1 tf_box tf_rel\">\n                        <div  data-lazy=\"1\" class=\"module_column tb-column col-full tb_6b6j294 first\">\n                            <div  data-lazy=\"1\" class=\"module_subrow themify_builder_sub_row tf_w col_align_top tb_col_count_1 tb_lwc8758\">\n                <div  data-lazy=\"1\" class=\"module_column sub_column col-full tb_uayb758 first\">\n                    <!-- module text -->\n<div  class=\"module module-text tb_ln4e71\" data-lazy=\"1\">\n        <div  class=\"tb_text_wrap\">\n        <p><strong><a href=\"http:\/\/wise3.sk\/en\/simona-sasinkova\/\">Simona \u0160a\u0161inkov\u00e1<\/a> a <a href=\"http:\/\/wise3.sk\/en\/matej-jezovica\/\">Matej Je\u017eovica<\/a>, ktor\u00ed doposia\u013e p\u00f4sobili vo WISE3 ako advok\u00e1tski koncipienti, \u00faspe\u0161ne absolvovali advok\u00e1tske sk\u00fa\u0161ky a po zlo\u017een\u00ed s\u013eubu boli zap\u00edsan\u00ed do zoznamu advok\u00e1tov Slovenskej advok\u00e1tskej komory.<\/strong><\/p>\n<p>Simona m\u00e1 vy\u0161tudovan\u00fa Pr\u00e1vnick\u00fa fakultu Univerzity Komensk\u00e9ho v\u00a0Bratislave. Po\u010das svojej praxe advok\u00e1tskeho koncipienta nadobudla rozsiahle sk\u00fasenosti <a href=\"http:\/\/wise3.sk\/en\/ochrana-osobnych-udajov-gdpr\/\">v oblasti ochrany osobn\u00fdch \u00fadajov<\/a>. Venuje sa tie\u017e oblastiam <a href=\"http:\/\/wise3.sk\/en\/fuzie-a-akvizicie\/\">f\u00fazi\u00ed a akviz\u00edcii<\/a> a <a href=\"http:\/\/wise3.sk\/en\/nehnutelnosti-a-stavebnictvo\/\">pr\u00e1vnym slu\u017eb\u00e1m v oblasti nehnute\u013enost\u00ed<\/a>.<\/p>\n<p>Matej vy\u0161tudoval Pr\u00e1vnick\u00fa fakultu paneur\u00f3pskej vysokej \u0161koly v Bratislave. Vo WISE3 nadobudol cenn\u00e9 sk\u00fasenosti pri poskytovan\u00ed pr\u00e1vneho poradenstva farmaceutick\u00fdm spolo\u010dnostiam. Zameriava sa aj na oblasti <a href=\"http:\/\/wise3.sk\/en\/zmluvne-vztahy-a-obchodne-zalezitosti\/\">zmluvn\u00fdch vz\u0165ahov<\/a>,<a href=\"http:\/\/wise3.sk\/en\/pravo-obchodnych-spolocnosti\/\"> pr\u00e1va obchodn\u00fdch spolo\u010dnost\u00ed<\/a> a <a href=\"http:\/\/wise3.sk\/en\/pracovne-pravo-a-odmenovanie\/\">pracovn\u00e9ho pr\u00e1va<\/a>.<\/p>\n<p>Sme ve\u013emi radi, \u017ee u n\u00e1s vo WISE3 rast\u00fa nov\u00e9 talenty a te\u0161\u00edme sa z rast\u00faceho po\u010dtu advok\u00e1tov v na\u0161om t\u00edme. Simone a Matejovi, na\u0161im mlad\u00fdm advok\u00e1tom prajeme ve\u013ea pracovn\u00fdch a aj s\u00fakromn\u00fdch \u00faspechov. Budeme radi, ak sa aj Vy pripoj\u00edte k n\u00e1\u0161mu blaho\u017eelaniu na na\u0161om <a href=\"https:\/\/www.linkedin.com\/posts\/wise3-legal_wise3-teamwork-legalservices-activity-7169370163400658944-kY3D\/?utm_source=share&amp;utm_medium=member_desktop\">LinkedIn profile WISE3<\/a>.<\/p>\n<p>\u00a0<\/p>    <\/div>\n<\/div>\n<!-- \/module text -->        <\/div>\n                    <\/div>\n                <\/div>\n                        <\/div>\n        <\/div>\n                        <div  data-lazy=\"1\" class=\"module_row themify_builder_row tb_1frx805 tf_w\">\n                        <div class=\"row_inner col_align_top tb_col_count_1 tf_box tf_rel\">\n                        <div  data-lazy=\"1\" class=\"module_column tb-column col-full tb_latf805 first\">\n                    <!-- module image -->\n<div  class=\"module module-image tb_cy84954 image-center   tf_mw\" data-lazy=\"1\">\n        <div class=\"image-wrap tf_rel tf_mw\">\n            <a href=\"https:\/\/www.linkedin.com\/posts\/wise3-legal_wise3-teamwork-legalservices-activity-7169370163400658944-kY3D?utm_source=share&#038;utm_medium=member_desktop\">\n                   <img loading=\"lazy\" decoding=\"async\" src=\"http:\/\/wise3.sk\/wp-content\/uploads\/2024\/03\/Snimka-obrazovky-2024-03-27-094750.png\" width=\"372\" height=\"514\" title=\"LinkedIn WISE3\" alt=\"LinkedIn WISE3\">        <\/a>\n    \n        <\/div>\n    <!-- \/image-wrap -->\n    \n        <div class=\"image-content\">\n                    <h3 class=\"image-title\">\n                                    <a href=\"https:\/\/www.linkedin.com\/posts\/wise3-legal_wise3-teamwork-legalservices-activity-7169370163400658944-kY3D?utm_source=share&#038;utm_medium=member_desktop\">\n                        LinkedIn WISE3                    <\/a>\n                            <\/h3>\n                    <\/div>\n    <!-- \/image-content -->\n        <\/div>\n<!-- \/module image -->        <\/div>\n                        <\/div>\n        <\/div>\n        <\/div>\n<!--\/themify_builder_content-->","protected":false},"excerpt":{"rendered":"<p>Simona \u0160a\u0161inkov\u00e1 a Matej Je\u017eovica, ktor\u00ed doposia\u013e p\u00f4sobili vo WISE3 ako advok\u00e1tski koncipienti, \u00faspe\u0161ne absolvovali advok\u00e1tske sk\u00fa\u0161ky a po zlo\u017een\u00ed s\u013eubu boli zap\u00edsan\u00ed do zoznamu advok\u00e1tov Slovenskej advok\u00e1tskej komory. Simona m\u00e1 vy\u0161tudovan\u00fa Pr\u00e1vnick\u00fa fakultu Univerzity Komensk\u00e9ho v\u00a0Bratislave. Po\u010das svojej praxe advok\u00e1tskeho koncipienta nadobudla rozsiahle sk\u00fasenosti v oblasti ochrany osobn\u00fdch \u00fadajov. Venuje sa tie\u017e oblastiam f\u00fazi\u00ed [&hellip;]<\/p>\n","protected":false},"author":4,"featured_media":3180,"comment_status":"closed","ping_status":"closed","sticky":false,"template":"","format":"standard","meta":{"_seopress_robots_primary_cat":"none","_seopress_titles_title":" Z na\u0161ich koncipientov s\u00fa advok\u00e1ti | wise3.sk","_seopress_titles_desc":"Simona \u0160a\u0161inkov\u00e1 a Matej Je\u017eovica, ktor\u00ed doposia\u013e p\u00f4sobili vo WISE3 ako advok\u00e1tski koncipienti, \u00faspe\u0161ne absolvovali advok\u00e1tske sk\u00fa\u0161ky. Gratulujeme","_seopress_robots_index":"","footnotes":""},"categories":[1],"tags":[],"class_list":["post-3172","post","type-post","status-publish","format-standard","has-post-thumbnail","hentry","category-advokati-na-vasej-strane","has-post-title","has-post-date","has-post-category","has-post-tag","has-post-comment","has-post-author",""],"builder_content":"<p><strong><a href=\"http:\/\/wise3.sk\/simona-sasinkova\/\">Simona \u0160a\u0161inkov\u00e1<\/a> a <a href=\"http:\/\/wise3.sk\/matej-jezovica\/\">Matej Je\u017eovica<\/a>, ktor\u00ed doposia\u013e p\u00f4sobili vo WISE3 ako advok\u00e1tski koncipienti, \u00faspe\u0161ne absolvovali advok\u00e1tske sk\u00fa\u0161ky a po zlo\u017een\u00ed s\u013eubu boli zap\u00edsan\u00ed do zoznamu advok\u00e1tov Slovenskej advok\u00e1tskej komory.<\/strong><\/p> <p>Simona m\u00e1 vy\u0161tudovan\u00fa Pr\u00e1vnick\u00fa fakultu Univerzity Komensk\u00e9ho v\u00a0Bratislave. Po\u010das svojej praxe advok\u00e1tskeho koncipienta nadobudla rozsiahle sk\u00fasenosti <a href=\"http:\/\/wise3.sk\/ochrana-osobnych-udajov-gdpr\/\">v oblasti ochrany osobn\u00fdch \u00fadajov<\/a>. Venuje sa tie\u017e oblastiam <a href=\"http:\/\/wise3.sk\/fuzie-a-akvizicie\/\">f\u00fazi\u00ed a akviz\u00edcii<\/a> a <a href=\"http:\/\/wise3.sk\/nehnutelnosti-a-stavebnictvo\/\">pr\u00e1vnym slu\u017eb\u00e1m v oblasti nehnute\u013enost\u00ed<\/a>.<\/p> <p>Matej vy\u0161tudoval Pr\u00e1vnick\u00fa fakultu paneur\u00f3pskej vysokej \u0161koly v Bratislave. Vo WISE3 nadobudol cenn\u00e9 sk\u00fasenosti pri poskytovan\u00ed pr\u00e1vneho poradenstva farmaceutick\u00fdm spolo\u010dnostiam. Zameriava sa aj na oblasti <a href=\"http:\/\/wise3.sk\/zmluvne-vztahy-a-obchodne-zalezitosti\/\">zmluvn\u00fdch vz\u0165ahov<\/a>,<a href=\"http:\/\/wise3.sk\/pravo-obchodnych-spolocnosti\/\"> pr\u00e1va obchodn\u00fdch spolo\u010dnost\u00ed<\/a> a <a href=\"http:\/\/wise3.sk\/pracovne-pravo-a-odmenovanie\/\">pracovn\u00e9ho pr\u00e1va<\/a>.<\/p> <p>Sme ve\u013emi radi, \u017ee u n\u00e1s vo WISE3 rast\u00fa nov\u00e9 talenty a te\u0161\u00edme sa z rast\u00faceho po\u010dtu advok\u00e1tov v na\u0161om t\u00edme. Simone a Matejovi, na\u0161im mlad\u00fdm advok\u00e1tom prajeme ve\u013ea pracovn\u00fdch a aj s\u00fakromn\u00fdch \u00faspechov. Budeme radi, ak sa aj Vy pripoj\u00edte k n\u00e1\u0161mu blaho\u017eelaniu na na\u0161om <a href=\"https:\/\/www.linkedin.com\/posts\/wise3-legal_wise3-teamwork-legalservices-activity-7169370163400658944-kY3D\/?utm_source=share&amp;utm_medium=member_desktop\">LinkedIn profile WISE3<\/a>.<\/p> <p>\u00a0<\/p>\n<a href=\"https:\/\/www.linkedin.com\/posts\/wise3-legal_wise3-teamwork-legalservices-activity-7169370163400658944-kY3D?utm_source=share&#038;utm_medium=member_desktop\"> <img src=\"http:\/\/wise3.sk\/wp-content\/uploads\/2024\/03\/Snimka-obrazovky-2024-03-27-094750.png\" width=\"372\" height=\"514\" title=\"LinkedIn WISE3\" alt=\"LinkedIn WISE3\"> <\/a> <h3> <a href=\"https:\/\/www.linkedin.com\/posts\/wise3-legal_wise3-teamwork-legalservices-activity-7169370163400658944-kY3D?utm_source=share&#038;utm_medium=member_desktop\"> LinkedIn WISE3 <\/a> <\/h3>","_links":{"self":[{"href":"https:\/\/wise3.sk\/en\/wp-json\/wp\/v2\/posts\/3172","targetHints":{"allow":["GET"]}}],"collection":[{"href":"https:\/\/wise3.sk\/en\/wp-json\/wp\/v2\/posts"}],"about":[{"href":"https:\/\/wise3.sk\/en\/wp-json\/wp\/v2\/types\/post"}],"author":[{"embeddable":true,"href":"https:\/\/wise3.sk\/en\/wp-json\/wp\/v2\/users\/4"}],"replies":[{"embeddable":true,"href":"https:\/\/wise3.sk\/en\/wp-json\/wp\/v2\/comments?post=3172"}],"version-history":[{"count":9,"href":"https:\/\/wise3.sk\/en\/wp-json\/wp\/v2\/posts\/3172\/revisions"}],"predecessor-version":[{"id":3185,"href":"https:\/\/wise3.sk\/en\/wp-json\/wp\/v2\/posts\/3172\/revisions\/3185"}],"wp:featuredmedia":[{"embeddable":true,"href":"https:\/\/wise3.sk\/en\/wp-json\/wp\/v2\/media\/3180"}],"wp:attachment":[{"href":"https:\/\/wise3.sk\/en\/wp-json\/wp\/v2\/media?parent=3172"}],"wp:term":[{"taxonomy":"category","embeddable":true,"href":"https:\/\/wise3.sk\/en\/wp-json\/wp\/v2\/categories?post=3172"},{"taxonomy":"post_tag","embeddable":true,"href":"https:\/\/wise3.sk\/en\/wp-json\/wp\/v2\/tags?post=3172"}],"curies":[{"name":"wp","href":"https:\/\/api.w.org\/{rel}","templated":true}]}}