{"id":3009,"date":"2023-08-08T09:02:57","date_gmt":"2023-08-08T07:02:57","guid":{"rendered":"http:\/\/wise3.sk\/?p=3009"},"modified":"2023-08-08T09:02:59","modified_gmt":"2023-08-08T07:02:59","slug":"orlen-a-jeho-expanzia-na-slovenskom-trhu","status":"publish","type":"post","link":"https:\/\/wise3.sk\/en\/fuzie-akvizicie\/orlen-a-jeho-expanzia-na-slovenskom-trhu\/","title":{"rendered":"ORLEN a jeho expanzia na slovenskom trhu"},"content":{"rendered":"<!--themify_builder_content-->\n<div id=\"themify_builder_content-3009\" data-postid=\"3009\" class=\"themify_builder_content themify_builder_content-3009 themify_builder tf_clear\">\n                    <div  data-lazy=\"1\" class=\"module_row themify_builder_row tb_9v92590 tb_first tf_w\">\n                        <div class=\"row_inner col_align_top tb_col_count_1 tf_box tf_rel\">\n                        <div  data-lazy=\"1\" class=\"module_column tb-column col-full tb_6tfh591 first\">\n                    <!-- module text -->\n<div  class=\"module module-text tb_2lvh489\" data-lazy=\"1\">\n        <div  class=\"tb_text_wrap\">\n        <p>Sie\u0165 \u010derpac\u00edch stan\u00edc ORLEN vst\u00fapila na Slovensko u\u017e v roku 2019. v\u00a0s\u00fa\u010dasnosti v\u0161ak na slovenskom trhu v\u00fdznamne expanduje a je jedn\u00fdm z najr\u00fdchlej\u0161ie rast\u00facich re\u0165azcov na tunaj\u0161om trhu. Po ned\u00e1vnej akviz\u00edci\u00ed takmer 30 \u010derpac\u00edch stan\u00edc od lok\u00e1lneho prev\u00e1dzkovate\u013ea Oliva skupina ORLEN prevzal \u010fal\u0161\u00edch 38 stan\u00edc od ma\u010farskej petrochemickej skupiny MOL (na Slovensku p\u00f4sobiacej prostredn\u00edctvom spolo\u010dnosti SLOVNAFT, a.s.) a s celkov\u00fdm po\u010dtom 90 stan\u00edc sa tak v tomto roku dostane medzi \u0161tyroch najv\u00e4\u010d\u0161\u00edch hr\u00e1\u010dov na trhu. <strong>V roz\u0161irovan\u00ed v\u0161ak chce pokra\u010dova\u0165 a sta\u0165 sa dvojkou.<\/strong><\/p>\n<p><strong>Dnes skupina ORLEN prev\u00e1dzkuje takmer tritis\u00edc \u010derpac\u00edch stan\u00edc v \u0161iestich eur\u00f3pskych krajin\u00e1ch: v Po\u013esku, Nemecku, \u010cesku, Litve, na Slovensku a v Ma\u010farsku.<\/strong> Expanzia na slovenskom, ale i ma\u010farskom trhu znamen\u00e1 pre skupinu ORLEN k\u013e\u00fa\u010dov\u00fd posun v rozvoji maloobchodnej siete na eur\u00f3pskom trhu. <strong>Do roku 2030 pl\u00e1nuje prev\u00e1dzkova\u0165 tri a pol tis\u00edc \u010derpac\u00edch stan\u00edc pod zna\u010dkou ORLEN.<\/strong><\/p>\n<p>Ve\u013ek\u00e9 po\u010fakovanie patr\u00ed <a href=\"http:\/\/wise3.sk\/en\/michal-ridzon\/\">Michalovi Ridzo\u0148ovi<\/a>, <a href=\"http:\/\/wise3.sk\/en\/michal-delincak\/\">Michalovi Delin\u010d\u00e1kovi<\/a> <strong>a ich t\u00edmu za pr\u00e1vnu podporu poskytnut\u00fa skupine ORLEN pri realiz\u00e1ci\u00ed prevzatia \u010derpac\u00edch stan\u00edc od skupiny MOL na \u00fazem\u00ed Slovenskej republiky.<\/strong> Te\u0161\u00edme sa z \u00faspechov n\u00e1\u0161ho klienta a budeme sa te\u0161i\u0165 na \u010fal\u0161iu spolupr\u00e1cu pri implement\u00e1cii projektov za\u010dlenenia nov\u00fdch \u010derpac\u00edch stan\u00edc do portf\u00f3lia ORLEN.<\/p>    <\/div>\n<\/div>\n<!-- \/module text -->        <\/div>\n                        <\/div>\n        <\/div>\n        <\/div>\n<!--\/themify_builder_content-->","protected":false},"excerpt":{"rendered":"<p>Sie\u0165 \u010derpac\u00edch stan\u00edc ORLEN vst\u00fapila na Slovensko u\u017e v roku 2019. v\u00a0s\u00fa\u010dasnosti v\u0161ak na slovenskom trhu v\u00fdznamne expanduje a je jedn\u00fdm z najr\u00fdchlej\u0161ie rast\u00facich re\u0165azcov na tunaj\u0161om trhu. Po ned\u00e1vnej akviz\u00edci\u00ed takmer 30 \u010derpac\u00edch stan\u00edc od lok\u00e1lneho prev\u00e1dzkovate\u013ea Oliva skupina ORLEN prevzal \u010fal\u0161\u00edch 38 stan\u00edc od ma\u010farskej petrochemickej skupiny MOL (na Slovensku p\u00f4sobiacej prostredn\u00edctvom spolo\u010dnosti [&hellip;]<\/p>\n","protected":false},"author":4,"featured_media":3012,"comment_status":"closed","ping_status":"closed","sticky":false,"template":"","format":"standard","meta":{"_seopress_robots_primary_cat":"none","_seopress_titles_title":"ORLEN a jeho expanzia na slovenskom trhu | wise3.sk","_seopress_titles_desc":"Pr\u00e1vna podpor skupine ORLEN pri realiz\u00e1ci\u00ed prevzatia \u010derpac\u00edch stan\u00edc od skupiny MOL na \u00fazem\u00ed Slovenskej republiky. Te\u0161\u00edme sa z \u00faspechov n\u00e1\u0161ho klienta ","_seopress_robots_index":"","footnotes":""},"categories":[18],"tags":[],"class_list":["post-3009","post","type-post","status-publish","format-standard","has-post-thumbnail","hentry","category-fuzie-akvizicie","has-post-title","has-post-date","has-post-category","has-post-tag","has-post-comment","has-post-author",""],"builder_content":"<p>Sie\u0165 \u010derpac\u00edch stan\u00edc ORLEN vst\u00fapila na Slovensko u\u017e v roku 2019. v\u00a0s\u00fa\u010dasnosti v\u0161ak na slovenskom trhu v\u00fdznamne expanduje a je jedn\u00fdm z najr\u00fdchlej\u0161ie rast\u00facich re\u0165azcov na tunaj\u0161om trhu. Po ned\u00e1vnej akviz\u00edci\u00ed takmer 30 \u010derpac\u00edch stan\u00edc od lok\u00e1lneho prev\u00e1dzkovate\u013ea Oliva skupina ORLEN prevzal \u010fal\u0161\u00edch 38 stan\u00edc od ma\u010farskej petrochemickej skupiny MOL (na Slovensku p\u00f4sobiacej prostredn\u00edctvom spolo\u010dnosti SLOVNAFT, a.s.) a s celkov\u00fdm po\u010dtom 90 stan\u00edc sa tak v tomto roku dostane medzi \u0161tyroch najv\u00e4\u010d\u0161\u00edch hr\u00e1\u010dov na trhu. <strong>V roz\u0161irovan\u00ed v\u0161ak chce pokra\u010dova\u0165 a sta\u0165 sa dvojkou.<\/strong><\/p> <p><strong>Dnes skupina ORLEN prev\u00e1dzkuje takmer tritis\u00edc \u010derpac\u00edch stan\u00edc v \u0161iestich eur\u00f3pskych krajin\u00e1ch: v Po\u013esku, Nemecku, \u010cesku, Litve, na Slovensku a v Ma\u010farsku.<\/strong> Expanzia na slovenskom, ale i ma\u010farskom trhu znamen\u00e1 pre skupinu ORLEN k\u013e\u00fa\u010dov\u00fd posun v rozvoji maloobchodnej siete na eur\u00f3pskom trhu. <strong>Do roku 2030 pl\u00e1nuje prev\u00e1dzkova\u0165 tri a pol tis\u00edc \u010derpac\u00edch stan\u00edc pod zna\u010dkou ORLEN.<\/strong><\/p> <p>Ve\u013ek\u00e9 po\u010fakovanie patr\u00ed <a href=\"http:\/\/wise3.sk\/michal-ridzon\/\">Michalovi Ridzo\u0148ovi<\/a>, <a href=\"http:\/\/wise3.sk\/michal-delincak\/\">Michalovi Delin\u010d\u00e1kovi<\/a> <strong>a ich t\u00edmu za pr\u00e1vnu podporu poskytnut\u00fa skupine ORLEN pri realiz\u00e1ci\u00ed prevzatia \u010derpac\u00edch stan\u00edc od skupiny MOL na \u00fazem\u00ed Slovenskej republiky.<\/strong> Te\u0161\u00edme sa z \u00faspechov n\u00e1\u0161ho klienta a budeme sa te\u0161i\u0165 na \u010fal\u0161iu spolupr\u00e1cu pri implement\u00e1cii projektov za\u010dlenenia nov\u00fdch \u010derpac\u00edch stan\u00edc do portf\u00f3lia ORLEN.<\/p>","_links":{"self":[{"href":"https:\/\/wise3.sk\/en\/wp-json\/wp\/v2\/posts\/3009","targetHints":{"allow":["GET"]}}],"collection":[{"href":"https:\/\/wise3.sk\/en\/wp-json\/wp\/v2\/posts"}],"about":[{"href":"https:\/\/wise3.sk\/en\/wp-json\/wp\/v2\/types\/post"}],"author":[{"embeddable":true,"href":"https:\/\/wise3.sk\/en\/wp-json\/wp\/v2\/users\/4"}],"replies":[{"embeddable":true,"href":"https:\/\/wise3.sk\/en\/wp-json\/wp\/v2\/comments?post=3009"}],"version-history":[{"count":5,"href":"https:\/\/wise3.sk\/en\/wp-json\/wp\/v2\/posts\/3009\/revisions"}],"predecessor-version":[{"id":3017,"href":"https:\/\/wise3.sk\/en\/wp-json\/wp\/v2\/posts\/3009\/revisions\/3017"}],"wp:featuredmedia":[{"embeddable":true,"href":"https:\/\/wise3.sk\/en\/wp-json\/wp\/v2\/media\/3012"}],"wp:attachment":[{"href":"https:\/\/wise3.sk\/en\/wp-json\/wp\/v2\/media?parent=3009"}],"wp:term":[{"taxonomy":"category","embeddable":true,"href":"https:\/\/wise3.sk\/en\/wp-json\/wp\/v2\/categories?post=3009"},{"taxonomy":"post_tag","embeddable":true,"href":"https:\/\/wise3.sk\/en\/wp-json\/wp\/v2\/tags?post=3009"}],"curies":[{"name":"wp","href":"https:\/\/api.w.org\/{rel}","templated":true}]}}