{"id":12292,"date":"2025-10-27T13:27:47","date_gmt":"2025-10-27T12:27:47","guid":{"rendered":"https:\/\/wise3.sk\/advokati-na-vasej-strane\/uspesna-registracia-ochrannej-znamky-citadelo-copy\/"},"modified":"2025-10-30T08:33:42","modified_gmt":"2025-10-30T07:33:42","slug":"wise3-na-lfn-emea-regionalnej-konferencii-2025-v-lyone","status":"publish","type":"post","link":"https:\/\/wise3.sk\/en\/advokati-na-vasej-strane\/wise3-na-lfn-emea-regionalnej-konferencii-2025-v-lyone\/","title":{"rendered":"WISE3 na LFN EMEA Region\u00e1lnej konferencii 2025 v\u00a0Lyone"},"content":{"rendered":"<!--themify_builder_content-->\n<div id=\"themify_builder_content-12292\" data-postid=\"12292\" class=\"themify_builder_content themify_builder_content-12292 themify_builder tf_clear\">\n                    <div  data-lazy=\"1\" class=\"module_row themify_builder_row tb_kc6b927 tb_first tf_w\">\n                        <div class=\"row_inner col_align_top tb_col_count_1 tf_box tf_rel\">\n                        <div  data-lazy=\"1\" class=\"module_column tb-column col-full tb_ya7e902 first\">\n                    <!-- module text -->\n<div  class=\"module module-text tb_gdhp722\" data-lazy=\"1\">\n        <div  class=\"tb_text_wrap\">\n        <p>D\u0148a 16.\u201319. okt\u00f3bra 2025 <strong>sme sa ako \u010dle<\/strong>n<a href=\"https:\/\/lfnglobal.com\/\"> The Law Firm Network<\/a> <strong>z\u00fa\u010dastnili EMEA Region\u00e1lnej Konferencie 2025 v Lyone<\/strong>. Za WISE3 sa konferencie z\u00fa\u010dastnil n\u00e1\u0161 partner <a href=\"https:\/\/wise3.sk\/en\/branislav-brocko\/\">Branislav Brocko<\/a>.<\/p>\n<p>Podujatie, ktor\u00e9 hostila <strong>franc\u00fazska \u010dlensk\u00e1 firma Yd\u00e8s<\/strong>, spojilo pr\u00e1vnikov z celej EMEA oblasti na tri dni odborn\u00fdch seden\u00ed, diskusi\u00ed o strat\u00e9gi\u00e1ch, inov\u00e1ci\u00e1ch a cezhrani\u010dnej spolupr\u00e1ci. Konferencia sa s\u00fastredila na t\u00e9my ako <strong data-start=\"543\" data-end=\"614\">kybernetick\u00e1 bezpe\u010dnos\u0165, z\u00edskavanie d\u00f4kazov v cezhrani\u010dn\u00fdch sporoch<\/strong> \u010di <strong data-start=\"618\" data-end=\"681\">vplyv umelej inteligencie na o\u010dak\u00e1vania intern\u00fdch pr\u00e1vnikov<\/strong>.<\/p>    <\/div>\n<\/div>\n<!-- \/module text --><!-- module text -->\n<div  class=\"module module-text tb_tmi1782\" data-lazy=\"1\">\n        <div  class=\"tb_text_wrap\">\n        <h2>Program podujatia zah\u0155\u0148al konferenciu veden\u00fa pr\u00e1vnikmi Yd\u00e8s na t\u00e9my:<\/h2>    <\/div>\n<\/div>\n<!-- \/module text --><!-- module text -->\n<div  class=\"module module-text tb_2dn6600\" data-lazy=\"1\">\n        <div  class=\"tb_text_wrap\">\n        <ul>\n<li><a href=\"https:\/\/www.linkedin.com\/in\/val%C3%A9rie-nicod-2404103a\/\"><strong>Val\u00e9rie Nicod<\/strong><\/a> &#8211; v\u00fdvoj a meniace sa met\u00f3dy z\u00edskavania d\u00f4kazov v lok\u00e1lnych aj medzin\u00e1rodn\u00fdch sporoch<\/li>\n<li><a href=\"https:\/\/www.linkedin.com\/in\/jcchevallier\/\"><strong>Jean-Christophe Chevallier<\/strong><\/a> &#8211; ako firmy m\u00f4\u017eu posili\u0165 obranu vo\u010di kybernetick\u00fdm a reputa\u010dn\u00fdm hrozb\u00e1m<\/li>\n<li><a href=\"https:\/\/www.linkedin.com\/in\/fannie-bercez\/\"><strong>Fannie Bercez<\/strong><\/a>, z Volvo Financial Services &#8211; narastaj\u00faci vplyv umelej inteligencie na o\u010dak\u00e1vania intern\u00fdch pr\u00e1vnikov organiz\u00e1ci\u00ed.<\/li>\n<\/ul>    <\/div>\n<\/div>\n<!-- \/module text --><!-- module text -->\n<div  class=\"module module-text tb_nsoi70\" data-lazy=\"1\">\n        <div  class=\"tb_text_wrap\">\n        <p>\u00da\u010das\u0165 na konferencii n\u00e1m pripomenula v\u00fdznam medzin\u00e1rodnej spolupr\u00e1ce a zdie\u013eania sk\u00fasenost\u00ed. <strong>Sme hrd\u00ed, \u017ee WISE3 m\u00f4\u017ee by\u0165 s\u00fa\u010das\u0165ou tejto dynamickej siete, akt\u00edvne spolupracova\u0165 s popredn\u00fdmi pr\u00e1vnymi kancel\u00e1riami a prispieva\u0165 k budovaniu komunity zalo\u017eenej na odborn\u00fdch znalostiach a sk\u00fasenostiach.<\/strong><\/p>\n<p>Na\u0161e po\u010fakovanie patr\u00ed tie\u017e t\u00edmu Yd\u00e8s za ich srde\u010dn\u00fa pohostinnos\u0165 a bezchybn\u00e9 organiza\u010dn\u00e9 zabezpe\u010denie a v\u0161etk\u00fdm \u010dlenom LFN, ktor\u00ed sa podie\u013eali na \u00faspechu konferencie.<\/p>    <\/div>\n<\/div>\n<!-- \/module text --><!-- module gallery -->\n<div  class=\"module gallery module-gallery tb_m6cs812 layout-grid\" data-lazy=\"1\">\n    <div class=\"module-gallery-grid\" style=\"--gald:4;--galt:4;--galm:4\">\n            <dl class=\"gallery-item\">\n            <dt class=\"gallery-icon\">\n            <a data-title=\"\" title=\"\" href=\"https:\/\/wise3.sk\/wp-content\/uploads\/2025\/10\/1761225779785.jpg\" data-rel=\"tb_m6cs812\" class=\"themify_lightbox\"><img loading=\"lazy\" decoding=\"async\" src=\"https:\/\/wise3.sk\/wp-content\/uploads\/2025\/10\/1761225779785-1024x683-300x200.jpg\" width=\"300\" height=\"200\" class=\"wp-post-image wp-image-12299\" title=\"LFN EMEA Regional Conference 2025 \u2013 Lyon, France\" alt=\"LFN EMEA Regional Conference 2025 \u2013 Lyon, France\" srcset=\"https:\/\/wise3.sk\/wp-content\/uploads\/2025\/10\/1761225779785-1024x683-300x200.jpg 300w, https:\/\/wise3.sk\/wp-content\/uploads\/2025\/10\/1761225779785-1024x683.jpg 1024w, https:\/\/wise3.sk\/wp-content\/uploads\/2025\/10\/1761225779785-768x512.jpg 768w, https:\/\/wise3.sk\/wp-content\/uploads\/2025\/10\/1761225779785-1536x1024.jpg 1536w, https:\/\/wise3.sk\/wp-content\/uploads\/2025\/10\/1761225779785-18x12.jpg 18w, https:\/\/wise3.sk\/wp-content\/uploads\/2025\/10\/1761225779785.jpg 2048w\" sizes=\"auto, (max-width: 300px) 100vw, 300px\" \/><\/a>            <\/dt>\n                    <\/dl>\n            <dl class=\"gallery-item\">\n            <dt class=\"gallery-icon\">\n            <a data-title=\"\" title=\"\" href=\"https:\/\/wise3.sk\/wp-content\/uploads\/2025\/10\/1761158213297.jpg\" data-rel=\"tb_m6cs812\" class=\"themify_lightbox\"><img loading=\"lazy\" decoding=\"async\" src=\"https:\/\/wise3.sk\/wp-content\/uploads\/2025\/10\/1761158213297-1024x683-300x200.jpg\" width=\"300\" height=\"200\" class=\"wp-post-image wp-image-12300\" title=\"LFN EMEA Regional Conference 2025 \u2013 Lyon, France\" alt=\"LFN EMEA Regional Conference 2025 \u2013 Lyon, France\" srcset=\"https:\/\/wise3.sk\/wp-content\/uploads\/2025\/10\/1761158213297-1024x683-300x200.jpg 300w, https:\/\/wise3.sk\/wp-content\/uploads\/2025\/10\/1761158213297-1024x683.jpg 1024w, https:\/\/wise3.sk\/wp-content\/uploads\/2025\/10\/1761158213297-768x512.jpg 768w, https:\/\/wise3.sk\/wp-content\/uploads\/2025\/10\/1761158213297-1536x1024.jpg 1536w, https:\/\/wise3.sk\/wp-content\/uploads\/2025\/10\/1761158213297-18x12.jpg 18w, https:\/\/wise3.sk\/wp-content\/uploads\/2025\/10\/1761158213297.jpg 2048w\" sizes=\"auto, (max-width: 300px) 100vw, 300px\" \/><\/a>            <\/dt>\n                    <\/dl>\n            <dl class=\"gallery-item\">\n            <dt class=\"gallery-icon\">\n            <a data-title=\"\" title=\"\" href=\"https:\/\/wise3.sk\/wp-content\/uploads\/2025\/10\/1761158213627.jpg\" data-rel=\"tb_m6cs812\" class=\"themify_lightbox\"><img loading=\"lazy\" decoding=\"async\" src=\"https:\/\/wise3.sk\/wp-content\/uploads\/2025\/10\/1761158213627-1024x683-300x200.jpg\" width=\"300\" height=\"200\" class=\"wp-post-image wp-image-12301\" title=\"LFN EMEA Regional Conference 2025 \u2013 Lyon, France\" alt=\"LFN EMEA Regional Conference 2025 \u2013 Lyon, France\" srcset=\"https:\/\/wise3.sk\/wp-content\/uploads\/2025\/10\/1761158213627-1024x683-300x200.jpg 300w, https:\/\/wise3.sk\/wp-content\/uploads\/2025\/10\/1761158213627-1024x683.jpg 1024w, https:\/\/wise3.sk\/wp-content\/uploads\/2025\/10\/1761158213627-768x512.jpg 768w, https:\/\/wise3.sk\/wp-content\/uploads\/2025\/10\/1761158213627-1536x1024.jpg 1536w, https:\/\/wise3.sk\/wp-content\/uploads\/2025\/10\/1761158213627-18x12.jpg 18w, https:\/\/wise3.sk\/wp-content\/uploads\/2025\/10\/1761158213627.jpg 2048w\" sizes=\"auto, (max-width: 300px) 100vw, 300px\" \/><\/a>            <\/dt>\n                    <\/dl>\n            <dl class=\"gallery-item\">\n            <dt class=\"gallery-icon\">\n            <a data-title=\"\" title=\"\" href=\"https:\/\/wise3.sk\/wp-content\/uploads\/2025\/10\/1761225779412.jpg\" data-rel=\"tb_m6cs812\" class=\"themify_lightbox\"><img loading=\"lazy\" decoding=\"async\" src=\"https:\/\/wise3.sk\/wp-content\/uploads\/2025\/10\/1761225779412-683x1024-300x200.jpg\" width=\"300\" height=\"200\" class=\"wp-post-image wp-image-12302\" title=\"LFN EMEA Regional Conference 2025 \u2013 Lyon, France\" alt=\"LFN EMEA Regional Conference 2025 \u2013 Lyon, France\"><\/a>            <\/dt>\n                    <\/dl>\n            <dl class=\"gallery-item\">\n            <dt class=\"gallery-icon\">\n            <a data-title=\"\" title=\"\" href=\"https:\/\/wise3.sk\/wp-content\/uploads\/2025\/10\/1760708016972.jpg\" data-rel=\"tb_m6cs812\" class=\"themify_lightbox\"><img loading=\"lazy\" decoding=\"async\" src=\"https:\/\/wise3.sk\/wp-content\/uploads\/2025\/10\/1760708016972-683x1024-300x200.jpg\" width=\"300\" height=\"200\" class=\"wp-post-image wp-image-12303\" title=\"LFN EMEA Regional Conference 2025 \u2013 Lyon, France\" alt=\"LFN EMEA Regional Conference 2025 \u2013 Lyon, France\"><\/a>            <\/dt>\n                    <\/dl>\n            <dl class=\"gallery-item\">\n            <dt class=\"gallery-icon\">\n            <a data-title=\"\" title=\"\" href=\"https:\/\/wise3.sk\/wp-content\/uploads\/2025\/10\/1760708017095.jpg\" data-rel=\"tb_m6cs812\" class=\"themify_lightbox\"><img loading=\"lazy\" decoding=\"async\" src=\"https:\/\/wise3.sk\/wp-content\/uploads\/2025\/10\/1760708017095-683x1024-300x200.jpg\" width=\"300\" height=\"200\" class=\"wp-post-image wp-image-12304\" title=\"LFN EMEA Regional Conference 2025 \u2013 Lyon, France\" alt=\"LFN EMEA Regional Conference 2025 \u2013 Lyon, France\"><\/a>            <\/dt>\n                    <\/dl>\n            <dl class=\"gallery-item\">\n            <dt class=\"gallery-icon\">\n            <a data-title=\"\" title=\"\" href=\"https:\/\/wise3.sk\/wp-content\/uploads\/2025\/10\/1760708017508.jpg\" data-rel=\"tb_m6cs812\" class=\"themify_lightbox\"><img loading=\"lazy\" decoding=\"async\" src=\"https:\/\/wise3.sk\/wp-content\/uploads\/2025\/10\/1760708017508-683x1024-300x200.jpg\" width=\"300\" height=\"200\" class=\"wp-post-image wp-image-12306\" title=\"LFN EMEA Regional Conference 2025 \u2013 Lyon, France\" alt=\"LFN EMEA Regional Conference 2025 \u2013 Lyon, France\"><\/a>            <\/dt>\n                    <\/dl>\n            <dl class=\"gallery-item\">\n            <dt class=\"gallery-icon\">\n            <a data-title=\"\" title=\"\" href=\"https:\/\/wise3.sk\/wp-content\/uploads\/2025\/10\/1760708016994.jpg\" data-rel=\"tb_m6cs812\" class=\"themify_lightbox\"><img loading=\"lazy\" decoding=\"async\" src=\"https:\/\/wise3.sk\/wp-content\/uploads\/2025\/10\/1760708016994-683x1024-300x200.jpg\" width=\"300\" height=\"200\" class=\"wp-post-image wp-image-12305\" title=\"LFN EMEA Regional Conference 2025 \u2013 Lyon, France\" alt=\"LFN EMEA Regional Conference 2025 \u2013 Lyon, France\"><\/a>            <\/dt>\n                    <\/dl>\n    <\/div>\n<\/div>\n<!-- \/module gallery -->        <\/div>\n                        <\/div>\n        <\/div>\n        <\/div>\n<!--\/themify_builder_content-->","protected":false},"excerpt":{"rendered":"<p>D\u0148a 16.\u201319. okt\u00f3bra 2025 sme sa ako \u010dlen The Law Firm Network z\u00fa\u010dastnili EMEA Region\u00e1lnej Konferencie 2025 v Lyone. Za WISE3 sa konferencie z\u00fa\u010dastnil n\u00e1\u0161 partner Branislav Brocko. Podujatie, ktor\u00e9 hostila franc\u00fazska \u010dlensk\u00e1 firma Yd\u00e8s, spojilo pr\u00e1vnikov z celej EMEA oblasti na tri dni odborn\u00fdch seden\u00ed, diskusi\u00ed o strat\u00e9gi\u00e1ch, inov\u00e1ci\u00e1ch a cezhrani\u010dnej spolupr\u00e1ci. Konferencia sa [&hellip;]<\/p>\n","protected":false},"author":4,"featured_media":12317,"comment_status":"closed","ping_status":"closed","sticky":false,"template":"","format":"standard","meta":{"_seopress_robots_primary_cat":"none","_seopress_titles_title":"LFN EMEA Regional Conference 2025 \u2013 Lyon, France | Blog WISE3","_seopress_titles_desc":"D\u0148a 16.\u201319. okt\u00f3bra 2025 sme sa ako \u010dlen The Law Firm Network z\u00fa\u010dastnili EMEA Region\u00e1lnej Konferencie 2025 v Lyone. Za WISE3 sa konferencie z\u00fa\u010dastnil Branislav Brocko.","_seopress_robots_index":"","footnotes":""},"categories":[1],"tags":[],"class_list":["post-12292","post","type-post","status-publish","format-standard","has-post-thumbnail","hentry","category-advokati-na-vasej-strane","has-post-title","has-post-date","has-post-category","has-post-tag","has-post-comment","has-post-author",""],"builder_content":"<p>D\u0148a 16.\u201319. okt\u00f3bra 2025 <strong>sme sa ako \u010dle<\/strong>n<a href=\"https:\/\/lfnglobal.com\/\"> The Law Firm Network<\/a> <strong>z\u00fa\u010dastnili EMEA Region\u00e1lnej Konferencie 2025 v Lyone<\/strong>. Za WISE3 sa konferencie z\u00fa\u010dastnil n\u00e1\u0161 partner <a href=\"https:\/\/wise3.sk\/branislav-brocko\/\">Branislav Brocko<\/a>.<\/p> <p>Podujatie, ktor\u00e9 hostila <strong>franc\u00fazska \u010dlensk\u00e1 firma Yd\u00e8s<\/strong>, spojilo pr\u00e1vnikov z celej EMEA oblasti na tri dni odborn\u00fdch seden\u00ed, diskusi\u00ed o strat\u00e9gi\u00e1ch, inov\u00e1ci\u00e1ch a cezhrani\u010dnej spolupr\u00e1ci. Konferencia sa s\u00fastredila na t\u00e9my ako <strong data-start=\"543\" data-end=\"614\">kybernetick\u00e1 bezpe\u010dnos\u0165, z\u00edskavanie d\u00f4kazov v cezhrani\u010dn\u00fdch sporoch<\/strong> \u010di <strong data-start=\"618\" data-end=\"681\">vplyv umelej inteligencie na o\u010dak\u00e1vania intern\u00fdch pr\u00e1vnikov<\/strong>.<\/p>\n<h2>Program podujatia zah\u0155\u0148al konferenciu veden\u00fa pr\u00e1vnikmi Yd\u00e8s na t\u00e9my:<\/h2>\n<ul> <li><a href=\"https:\/\/www.linkedin.com\/in\/val%C3%A9rie-nicod-2404103a\/\"><strong>Val\u00e9rie Nicod<\/strong><\/a> - v\u00fdvoj a meniace sa met\u00f3dy z\u00edskavania d\u00f4kazov v lok\u00e1lnych aj medzin\u00e1rodn\u00fdch sporoch<\/li> <li><a href=\"https:\/\/www.linkedin.com\/in\/jcchevallier\/\"><strong>Jean-Christophe Chevallier<\/strong><\/a> - ako firmy m\u00f4\u017eu posili\u0165 obranu vo\u010di kybernetick\u00fdm a reputa\u010dn\u00fdm hrozb\u00e1m<\/li> <li><a href=\"https:\/\/www.linkedin.com\/in\/fannie-bercez\/\"><strong>Fannie Bercez<\/strong><\/a>, z Volvo Financial Services - narastaj\u00faci vplyv umelej inteligencie na o\u010dak\u00e1vania intern\u00fdch pr\u00e1vnikov organiz\u00e1ci\u00ed.<\/li> <\/ul>\n<p>\u00da\u010das\u0165 na konferencii n\u00e1m pripomenula v\u00fdznam medzin\u00e1rodnej spolupr\u00e1ce a zdie\u013eania sk\u00fasenost\u00ed. <strong>Sme hrd\u00ed, \u017ee WISE3 m\u00f4\u017ee by\u0165 s\u00fa\u010das\u0165ou tejto dynamickej siete, akt\u00edvne spolupracova\u0165 s popredn\u00fdmi pr\u00e1vnymi kancel\u00e1riami a prispieva\u0165 k budovaniu komunity zalo\u017eenej na odborn\u00fdch znalostiach a sk\u00fasenostiach.<\/strong><\/p> <p>Na\u0161e po\u010fakovanie patr\u00ed tie\u017e t\u00edmu Yd\u00e8s za ich srde\u010dn\u00fa pohostinnos\u0165 a bezchybn\u00e9 organiza\u010dn\u00e9 zabezpe\u010denie a v\u0161etk\u00fdm \u010dlenom LFN, ktor\u00ed sa podie\u013eali na \u00faspechu konferencie.<\/p>\n[gallery ids=\"12299,12300,12301,12302,12303,12304,12306,12305\"]","_links":{"self":[{"href":"https:\/\/wise3.sk\/en\/wp-json\/wp\/v2\/posts\/12292","targetHints":{"allow":["GET"]}}],"collection":[{"href":"https:\/\/wise3.sk\/en\/wp-json\/wp\/v2\/posts"}],"about":[{"href":"https:\/\/wise3.sk\/en\/wp-json\/wp\/v2\/types\/post"}],"author":[{"embeddable":true,"href":"https:\/\/wise3.sk\/en\/wp-json\/wp\/v2\/users\/4"}],"replies":[{"embeddable":true,"href":"https:\/\/wise3.sk\/en\/wp-json\/wp\/v2\/comments?post=12292"}],"version-history":[{"count":11,"href":"https:\/\/wise3.sk\/en\/wp-json\/wp\/v2\/posts\/12292\/revisions"}],"predecessor-version":[{"id":12318,"href":"https:\/\/wise3.sk\/en\/wp-json\/wp\/v2\/posts\/12292\/revisions\/12318"}],"wp:featuredmedia":[{"embeddable":true,"href":"https:\/\/wise3.sk\/en\/wp-json\/wp\/v2\/media\/12317"}],"wp:attachment":[{"href":"https:\/\/wise3.sk\/en\/wp-json\/wp\/v2\/media?parent=12292"}],"wp:term":[{"taxonomy":"category","embeddable":true,"href":"https:\/\/wise3.sk\/en\/wp-json\/wp\/v2\/categories?post=12292"},{"taxonomy":"post_tag","embeddable":true,"href":"https:\/\/wise3.sk\/en\/wp-json\/wp\/v2\/tags?post=12292"}],"curies":[{"name":"wp","href":"https:\/\/api.w.org\/{rel}","templated":true}]}}