{"id":11334,"date":"2025-09-05T09:05:25","date_gmt":"2025-09-05T07:05:25","guid":{"rendered":"https:\/\/wise3.sk\/advokati-na-vasej-strane\/registracia-ochrannych-znamok-copy\/"},"modified":"2025-09-10T11:19:49","modified_gmt":"2025-09-10T09:19:49","slug":"rovnost-v-odmenovani-konferencia-hr-klub-bratislava","status":"publish","type":"post","link":"https:\/\/wise3.sk\/en\/pracovne-pravo-odmenovanie\/rovnost-v-odmenovani-konferencia-hr-klub-bratislava\/","title":{"rendered":"Rovnos\u0165 v odme\u0148ovan\u00ed a smernica E\u00da: Konferencia HR Klub Bratislava"},"content":{"rendered":"<!--themify_builder_content-->\n<div id=\"themify_builder_content-11334\" data-postid=\"11334\" class=\"themify_builder_content themify_builder_content-11334 themify_builder tf_clear\">\n                    <div  data-lazy=\"1\" class=\"module_row themify_builder_row tb_33fo303 tb_first tf_w\">\n                        <div class=\"row_inner col_align_top tb_col_count_1 tf_box tf_rel\">\n                        <div  data-lazy=\"1\" class=\"module_column tb-column col-full tb_mkv6300 first\">\n                    <!-- module text -->\n<div  class=\"module module-text tb_zjbp305\" data-lazy=\"1\">\n        <div  class=\"tb_text_wrap\">\n        <p>Srde\u010dne v\u00e1s poz\u00fdvame na konferenciu <strong data-start=\"164\" data-end=\"191\">HR Klub Bratislava 2025<\/strong>, ktor\u00e1 sa uskuto\u010dn\u00ed <strong data-start=\"212\" data-end=\"232\">15. okt\u00f3bra 2025<\/strong> v hoteli <strong>NH Bratislava Gate One. <\/strong>Na konferencii zaznej\u00fa aktu\u00e1lne t\u00e9my zo sveta odme\u0148ovania a \u013eudsk\u00fdch zdrojov, vr\u00e1tane trendov na trhu pr\u00e1ce a legislat\u00edvnych zmien.<\/p>\n<p>Na\u0161u kancel\u00e1riu WISE3 zast\u00fapi <a href=\"https:\/\/wise3.sk\/en\/branislav-brocko\/\"><strong data-start=\"185\" data-end=\"205\">Branislav Brocko<\/strong><\/a> s predn\u00e1\u0161kou: <strong data-start=\"222\" data-end=\"300\">\u201eRovnos\u0165 v odme\u0148ovan\u00ed a smernica E\u00da: \u010co \u010dak\u00e1 slovensk\u00fdch zamestn\u00e1vate\u013eov?\u201c <\/strong>Venova\u0165 sa bude po\u017eiadavk\u00e1m smernice Eur\u00f3pskeho parlamentu a Rady (E\u00da) 2023\/970 o transparentnosti v odme\u0148ovan\u00ed a ich pl\u00e1novanej transpoz\u00edcii do slovensk\u00e9ho pr\u00e1va.<\/p>\n<p>Program konferencie <strong>prinesie aj v\u00fdsledky Mzdov\u00e9ho prieskumu 2025<\/strong>, ktor\u00e9 predstav\u00ed<strong> Martin Malo, Managing Director Grafton Recruitment a Gi Group CZ&amp;SK<\/strong>. \u00da\u010dastn\u00edci z\u00edskaj\u00fa detailn\u00fd preh\u013ead o v\u00fdvoji miezd, dopyte na trhu a trendoch v jednotliv\u00fdch odvetviach.<\/p>\n<p>Konferenciu organizuje <strong data-start=\"1084\" data-end=\"1107\">Grafton Recruitment<\/strong> a pon\u00faka priestor pre odborn\u00e9 diskusie, in\u0161pirat\u00edvne predn\u00e1\u0161ky a ve\u010dern\u00fd networking. Pr\u00ed\u010fte diskutova\u0165, nadviaza\u0165 kontakty a z\u00edska\u0165 cenn\u00e9 poznatky od \u0161pi\u010diek z HR komunity na Slovensku. Te\u0161\u00edme sa na v\u00e1s v Bratislave.\u00a0<\/p>    <\/div>\n<\/div>\n<!-- \/module text --><!-- module text -->\n<div  class=\"module module-text tb_z3fe002\" data-lazy=\"1\">\n        <div  class=\"tb_text_wrap\">\n        <h2>Program HR klub Bratislava<\/h2>    <\/div>\n<\/div>\n<!-- \/module text --><!-- module text -->\n<div  class=\"module module-text tb_j4vn305\" data-lazy=\"1\">\n        <div  class=\"tb_text_wrap\">\n        <p>14:30 \u2013 15:00 Registr\u00e1cia &amp; ob\u010derstvenie<\/p>\n<p>15:00 \u2013 16:00 Mzdov\u00fd prieskum 2025 (Martin Malo)<\/p>\n<p>16:00 \u2013 16:30 Coffee break<\/p>\n<p>16:30 \u2013 17:30 Rovnos\u0165 v odme\u0148ovan\u00ed a smernica E\u00da (Branislav Brocko)<\/p>\n<p>17:30 \u2013 22:00 Networking<\/p>\n<p>\ud83d\udc49 <strong>Bezplatn\u00e1 registr\u00e1cia prebieha tu:<\/strong> <a href=\"https:\/\/contact.grafton.sk\/nl\/gigroupsk_newshtml_961.mn\">https:\/\/contact.grafton.sk\/nl\/gigroupsk_newshtml_961.mn<\/a><\/p>    <\/div>\n<\/div>\n<!-- \/module text --><!-- module image -->\n<div  class=\"module module-image tb_anyw512 image-top   tf_mw\" data-lazy=\"1\">\n        <div class=\"image-wrap tf_rel tf_mw\">\n            <a href=\"https:\/\/contact.grafton.sk\/nl\/gigroupsk_newshtml_961.mn\">\n                   <img loading=\"lazy\" decoding=\"async\" width=\"1280\" height=\"720\" src=\"https:\/\/wise3.sk\/wp-content\/uploads\/2025\/09\/1754988706552.png\" class=\"wp-post-image wp-image-11344\" title=\"HR klub Bratislava 15. 10. 2025\" alt=\"HR klub Bratislava 15. 10. 2025\" srcset=\"https:\/\/wise3.sk\/wp-content\/uploads\/2025\/09\/1754988706552.png 1280w, https:\/\/wise3.sk\/wp-content\/uploads\/2025\/09\/1754988706552-300x169.png 300w, https:\/\/wise3.sk\/wp-content\/uploads\/2025\/09\/1754988706552-1024x576.png 1024w, https:\/\/wise3.sk\/wp-content\/uploads\/2025\/09\/1754988706552-768x432.png 768w, https:\/\/wise3.sk\/wp-content\/uploads\/2025\/09\/1754988706552-18x10.png 18w\" sizes=\"auto, (max-width: 1280px) 100vw, 1280px\" \/>        <\/a>\n    \n        <\/div>\n    <!-- \/image-wrap -->\n    \n        <\/div>\n<!-- \/module image -->        <\/div>\n                        <\/div>\n        <\/div>\n                        <div  data-lazy=\"1\" class=\"module_row themify_builder_row tb_t655341 tf_w\">\n                        <div class=\"row_inner col_align_top tb_col_count_1 tf_box tf_rel\">\n                        <div  data-lazy=\"1\" class=\"module_column tb-column col-full tb_jbcb342 first\">\n                    <!-- module text -->\n<div  class=\"module module-text tb_hsjy735\" data-lazy=\"1\">\n        <div  class=\"tb_text_wrap\">\n        <p>Potrebujete poradi\u0165 v ot\u00e1zkach <a href=\"https:\/\/wise3.sk\/en\/pracovne-pravo-a-odmenovanie\/\">pracovn\u00e9ho pr\u00e1va \u010di odme\u0148ovania<\/a>? N\u00e1\u0161 t\u00edm \u0161ikovn\u00fdch pr\u00e1vnikov z WISE3 v\u00e1m r\u00e1d pom\u00f4\u017ee n\u00e1js\u0165 rie\u0161enie aj v zdanlivo zlo\u017eit\u00fdch situ\u00e1ci\u00e1ch.<\/p>    <\/div>\n<\/div>\n<!-- \/module text --><!-- module video -->\n<div  class=\"module module-video tb_bxrt711 video-top\" data-lazy=\"1\">\n                    <div class=\"video-wrap-outer\">\n            <div class=\"video-wrap tf_rel tf_overflow\">\n                                    <noscript><iframe data-no-script src=\"https:\/\/www.youtube.com\/embed\/y-A9XzGm8JQ?pip=1&#038;playsinline=1\" allow=\"accelerometer;encrypted-media;gyroscope;picture-in-picture;fullscreen\" class=\"tf_abs tf_w tf_h\"><\/iframe><\/noscript>\n                                <\/div>\n            <!-- \/video-wrap -->\n        <\/div>\n        <!-- \/video-wrap-outer -->\n            <\/div>\n        <\/div>\n                        <\/div>\n        <\/div>\n        <\/div>\n<!--\/themify_builder_content-->","protected":false},"excerpt":{"rendered":"<p>Srde\u010dne v\u00e1s poz\u00fdvame na konferenciu HR Klub Bratislava 2025, ktor\u00e1 sa uskuto\u010dn\u00ed 15. okt\u00f3bra 2025 v hoteli NH Bratislava Gate One. Na konferencii zaznej\u00fa aktu\u00e1lne t\u00e9my zo sveta odme\u0148ovania a \u013eudsk\u00fdch zdrojov, vr\u00e1tane trendov na trhu pr\u00e1ce a legislat\u00edvnych zmien. Na\u0161u kancel\u00e1riu WISE3 zast\u00fapi Branislav Brocko s predn\u00e1\u0161kou: \u201eRovnos\u0165 v odme\u0148ovan\u00ed a smernica E\u00da: \u010co [&hellip;]<\/p>\n","protected":false},"author":4,"featured_media":11337,"comment_status":"closed","ping_status":"closed","sticky":false,"template":"","format":"standard","meta":{"_seopress_robots_primary_cat":"none","_seopress_titles_title":"Pozv\u00e1nka na predn\u00e1\u0161ku HR Klub Bratislava | Blog WISE3","_seopress_titles_desc":"HR Klub Bratislava 15.10.2025. Mzdov\u00fd prieskum 2025. Rovnos\u0165 v odme\u0148ovan\u00ed a smernica E\u00da: \u010co \u010dak\u00e1 slovensk\u00fdch zamestn\u00e1vate\u013eov?","_seopress_robots_index":"","footnotes":""},"categories":[7],"tags":[],"class_list":["post-11334","post","type-post","status-publish","format-standard","has-post-thumbnail","hentry","category-pracovne-pravo-odmenovanie","has-post-title","has-post-date","has-post-category","has-post-tag","has-post-comment","has-post-author",""],"builder_content":"<p>Srde\u010dne v\u00e1s poz\u00fdvame na konferenciu <strong data-start=\"164\" data-end=\"191\">HR Klub Bratislava 2025<\/strong>, ktor\u00e1 sa uskuto\u010dn\u00ed <strong data-start=\"212\" data-end=\"232\">15. okt\u00f3bra 2025<\/strong> v hoteli <strong>NH Bratislava Gate One. <\/strong>Na konferencii zaznej\u00fa aktu\u00e1lne t\u00e9my zo sveta odme\u0148ovania a \u013eudsk\u00fdch zdrojov, vr\u00e1tane trendov na trhu pr\u00e1ce a legislat\u00edvnych zmien.<\/p> <p>Na\u0161u kancel\u00e1riu WISE3 zast\u00fapi <a href=\"https:\/\/wise3.sk\/branislav-brocko\/\"><strong data-start=\"185\" data-end=\"205\">Branislav Brocko<\/strong><\/a> s predn\u00e1\u0161kou: <strong data-start=\"222\" data-end=\"300\">\u201eRovnos\u0165 v odme\u0148ovan\u00ed a smernica E\u00da: \u010co \u010dak\u00e1 slovensk\u00fdch zamestn\u00e1vate\u013eov?\u201c <\/strong>Venova\u0165 sa bude po\u017eiadavk\u00e1m smernice Eur\u00f3pskeho parlamentu a Rady (E\u00da) 2023\/970 o transparentnosti v odme\u0148ovan\u00ed a ich pl\u00e1novanej transpoz\u00edcii do slovensk\u00e9ho pr\u00e1va.<\/p> <p>Program konferencie <strong>prinesie aj v\u00fdsledky Mzdov\u00e9ho prieskumu 2025<\/strong>, ktor\u00e9 predstav\u00ed<strong> Martin Malo, Managing Director Grafton Recruitment a Gi Group CZ&amp;SK<\/strong>. \u00da\u010dastn\u00edci z\u00edskaj\u00fa detailn\u00fd preh\u013ead o v\u00fdvoji miezd, dopyte na trhu a trendoch v jednotliv\u00fdch odvetviach.<\/p> <p>Konferenciu organizuje <strong data-start=\"1084\" data-end=\"1107\">Grafton Recruitment<\/strong> a pon\u00faka priestor pre odborn\u00e9 diskusie, in\u0161pirat\u00edvne predn\u00e1\u0161ky a ve\u010dern\u00fd networking. Pr\u00ed\u010fte diskutova\u0165, nadviaza\u0165 kontakty a z\u00edska\u0165 cenn\u00e9 poznatky od \u0161pi\u010diek z HR komunity na Slovensku. Te\u0161\u00edme sa na v\u00e1s v Bratislave.\u00a0<\/p>\n<h2>Program HR klub Bratislava<\/h2>\n<p>14:30 \u2013 15:00 Registr\u00e1cia &amp; ob\u010derstvenie<\/p> <p>15:00 \u2013 16:00 Mzdov\u00fd prieskum 2025 (Martin Malo)<\/p> <p>16:00 \u2013 16:30 Coffee break<\/p> <p>16:30 \u2013 17:30 Rovnos\u0165 v odme\u0148ovan\u00ed a smernica E\u00da (Branislav Brocko)<\/p> <p>17:30 \u2013 22:00 Networking<\/p> <p>\ud83d\udc49 <strong>Bezplatn\u00e1 registr\u00e1cia prebieha tu:<\/strong> <a href=\"https:\/\/contact.grafton.sk\/nl\/gigroupsk_newshtml_961.mn\">https:\/\/contact.grafton.sk\/nl\/gigroupsk_newshtml_961.mn<\/a><\/p>\n<a href=\"https:\/\/contact.grafton.sk\/nl\/gigroupsk_newshtml_961.mn\"> <img src=\"https:\/\/wise3.sk\/wp-content\/uploads\/2025\/09\/1754988706552.png\" title=\"HR klub Bratislava 15. 10. 2025\" alt=\"HR klub Bratislava 15. 10. 2025\" srcset=\"https:\/\/wise3.sk\/wp-content\/uploads\/2025\/09\/1754988706552.png 1280w, https:\/\/wise3.sk\/wp-content\/uploads\/2025\/09\/1754988706552-300x169.png 300w, https:\/\/wise3.sk\/wp-content\/uploads\/2025\/09\/1754988706552-1024x576.png 1024w, https:\/\/wise3.sk\/wp-content\/uploads\/2025\/09\/1754988706552-768x432.png 768w, https:\/\/wise3.sk\/wp-content\/uploads\/2025\/09\/1754988706552-18x10.png 18w\" sizes=\"(max-width: 1280px) 100vw, 1280px\" \/> <\/a>\n<p>Potrebujete poradi\u0165 v ot\u00e1zkach <a href=\"https:\/\/wise3.sk\/pracovne-pravo-a-odmenovanie\/\">pracovn\u00e9ho pr\u00e1va \u010di odme\u0148ovania<\/a>? N\u00e1\u0161 t\u00edm \u0161ikovn\u00fdch pr\u00e1vnikov z WISE3 v\u00e1m r\u00e1d pom\u00f4\u017ee n\u00e1js\u0165 rie\u0161enie aj v zdanlivo zlo\u017eit\u00fdch situ\u00e1ci\u00e1ch.<\/p>\n[embed]https:\/\/youtu.be\/y-A9XzGm8JQ[\/embed]","_links":{"self":[{"href":"https:\/\/wise3.sk\/en\/wp-json\/wp\/v2\/posts\/11334","targetHints":{"allow":["GET"]}}],"collection":[{"href":"https:\/\/wise3.sk\/en\/wp-json\/wp\/v2\/posts"}],"about":[{"href":"https:\/\/wise3.sk\/en\/wp-json\/wp\/v2\/types\/post"}],"author":[{"embeddable":true,"href":"https:\/\/wise3.sk\/en\/wp-json\/wp\/v2\/users\/4"}],"replies":[{"embeddable":true,"href":"https:\/\/wise3.sk\/en\/wp-json\/wp\/v2\/comments?post=11334"}],"version-history":[{"count":25,"href":"https:\/\/wise3.sk\/en\/wp-json\/wp\/v2\/posts\/11334\/revisions"}],"predecessor-version":[{"id":11542,"href":"https:\/\/wise3.sk\/en\/wp-json\/wp\/v2\/posts\/11334\/revisions\/11542"}],"wp:featuredmedia":[{"embeddable":true,"href":"https:\/\/wise3.sk\/en\/wp-json\/wp\/v2\/media\/11337"}],"wp:attachment":[{"href":"https:\/\/wise3.sk\/en\/wp-json\/wp\/v2\/media?parent=11334"}],"wp:term":[{"taxonomy":"category","embeddable":true,"href":"https:\/\/wise3.sk\/en\/wp-json\/wp\/v2\/categories?post=11334"},{"taxonomy":"post_tag","embeddable":true,"href":"https:\/\/wise3.sk\/en\/wp-json\/wp\/v2\/tags?post=11334"}],"curies":[{"name":"wp","href":"https:\/\/api.w.org\/{rel}","templated":true}]}}